{"id":1922,"date":"2023-07-01T18:19:33","date_gmt":"2023-07-02T00:19:33","guid":{"rendered":"http:\/\/www.comandanteradio.com\/portal\/?p=1922"},"modified":"2023-08-16T21:04:33","modified_gmt":"2023-08-17T03:04:33","slug":"la-leagues-cup-llega-a-cincinnati-este-verano-2023","status":"publish","type":"post","link":"https:\/\/www.elcomandanteradio.com\/portal\/2023\/07\/01\/la-leagues-cup-llega-a-cincinnati-este-verano-2023\/","title":{"rendered":"D\u00d3NDE, CU\u00c1NDO Y C\u00d3MO VER LAS SEMIFINALES DE LA US OPEN CUP 2023."},"content":{"rendered":"\n<p>El 23 de agosto podr\u00eda ser un d\u00eda hist\u00f3rico para el FC Cincinnati, un equipo que est\u00e1 jugando su mejor temporada desde que es parte de la MLS, Ese rendimiento a llevado al equipo que dirige Pat Noonan, a las semifinales de la US Open Cup, y con la ilusi\u00f3n de llegar a la final.<\/p>\n\n\n\n<p>El rival es el Inter Miami, un equipo que est\u00e1 siendo sensaci\u00f3n en las \u00faltimas semanas con la contrataci\u00f3n del argentino Lionel Messi, adem\u00e1s de la incorporaci\u00f3n de futbolistas como Busquets y Jordi Alba que le van aportar mucho al equipo de Miami.<\/p>\n\n\n\n<p>El equipo que salga vencedor jugar\u00e1 la gran final contra el ganador de la serie Dynamo vs Real Salt Lake.<\/p>\n\n\n\n<p><strong>DIA DEL JUEGO<\/strong><\/p>\n\n\n\n<p>Mi\u00e9rcoles 23\/8, 7:30 pm ET<\/p>\n\n\n\n<p><strong>TQL Stadium<\/strong><\/p>\n\n\n\n<p>Transmision &gt; Apple TV<\/p>\n\n\n\n<p><strong>Todo lo que tienes que saber de este partido a traves de el Comandante TV.<\/strong><\/p>\n\n\n\n<figure class=\"wp-block-image size-large\"><img decoding=\"async\" loading=\"lazy\" width=\"1024\" height=\"1024\" src=\"http:\/\/www.comandanteradio.com\/portal\/wp-content\/uploads\/2023\/08\/photo-output-2-1024x1024.jpg\" alt=\"\" class=\"wp-image-1987\" srcset=\"https:\/\/www.elcomandanteradio.com\/portal\/wp-content\/uploads\/2023\/08\/photo-output-2-1024x1024.jpg 1024w, https:\/\/www.elcomandanteradio.com\/portal\/wp-content\/uploads\/2023\/08\/photo-output-2-300x300.jpg 300w, https:\/\/www.elcomandanteradio.com\/portal\/wp-content\/uploads\/2023\/08\/photo-output-2-150x150.jpg 150w, https:\/\/www.elcomandanteradio.com\/portal\/wp-content\/uploads\/2023\/08\/photo-output-2-768x768.jpg 768w, https:\/\/www.elcomandanteradio.com\/portal\/wp-content\/uploads\/2023\/08\/photo-output-2-1536x1536.jpg 1536w, https:\/\/www.elcomandanteradio.com\/portal\/wp-content\/uploads\/2023\/08\/photo-output-2.jpg 2048w\" sizes=\"(max-width: 1024px) 100vw, 1024px\" \/><\/figure>\n","protected":false},"excerpt":{"rendered":"<p>El 23 de agosto podr\u00eda ser un d\u00eda hist\u00f3rico para el FC Cincinnati, un equipo que est\u00e1 jugando su mejor temporada desde que es parte de la MLS, Ese rendimiento a llevado al equipo que dirige&#8230;<\/p>\n","protected":false},"author":3,"featured_media":1996,"comment_status":"closed","ping_status":"closed","sticky":false,"template":"","format":"standard","meta":[],"categories":[28],"tags":[],"_links":{"self":[{"href":"https:\/\/www.elcomandanteradio.com\/portal\/wp-json\/wp\/v2\/posts\/1922"}],"collection":[{"href":"https:\/\/www.elcomandanteradio.com\/portal\/wp-json\/wp\/v2\/posts"}],"about":[{"href":"https:\/\/www.elcomandanteradio.com\/portal\/wp-json\/wp\/v2\/types\/post"}],"author":[{"embeddable":true,"href":"https:\/\/www.elcomandanteradio.com\/portal\/wp-json\/wp\/v2\/users\/3"}],"replies":[{"embeddable":true,"href":"https:\/\/www.elcomandanteradio.com\/portal\/wp-json\/wp\/v2\/comments?post=1922"}],"version-history":[{"count":4,"href":"https:\/\/www.elcomandanteradio.com\/portal\/wp-json\/wp\/v2\/posts\/1922\/revisions"}],"predecessor-version":[{"id":2021,"href":"https:\/\/www.elcomandanteradio.com\/portal\/wp-json\/wp\/v2\/posts\/1922\/revisions\/2021"}],"wp:featuredmedia":[{"embeddable":true,"href":"https:\/\/www.elcomandanteradio.com\/portal\/wp-json\/wp\/v2\/media\/1996"}],"wp:attachment":[{"href":"https:\/\/www.elcomandanteradio.com\/portal\/wp-json\/wp\/v2\/media?parent=1922"}],"wp:term":[{"taxonomy":"category","embeddable":true,"href":"https:\/\/www.elcomandanteradio.com\/portal\/wp-json\/wp\/v2\/categories?post=1922"},{"taxonomy":"post_tag","embeddable":true,"href":"https:\/\/www.elcomandanteradio.com\/portal\/wp-json\/wp\/v2\/tags?post=1922"}],"curies":[{"name":"wp","href":"https:\/\/api.w.org\/{rel}","templated":true}]}}