{"id":2019,"date":"2023-08-16T21:00:38","date_gmt":"2023-08-17T03:00:38","guid":{"rendered":"http:\/\/www.comandanteradio.com\/portal\/?p=2019"},"modified":"2023-08-16T21:16:11","modified_gmt":"2023-08-17T03:16:11","slug":"hora-confirmado-para-la-final-de-la-leagues-cup-3023","status":"publish","type":"post","link":"https:\/\/www.elcomandanteradio.com\/portal\/2023\/08\/16\/hora-confirmado-para-la-final-de-la-leagues-cup-3023\/","title":{"rendered":"HORA CONFIRMADA PARA LA FINAL DE LA LEAGUES CUP 3023."},"content":{"rendered":"\n<p>Este s\u00e1bado 19 de agosto conoceremos al campe\u00f3n de la Leagues Cup.<br>&nbsp;<br>Nashville SC enfrentar\u00e1 a Inter Miami CF en el Geodis Park, Nashville, TN a las 09:0 p.m. ET para definir el campe\u00f3n del torneo in\u00e9dito y cual club ganar\u00e1 su primer trofeo internacional en una competencia oficial. <\/p>\n\n\n\n<figure class=\"wp-block-image size-full\"><img decoding=\"async\" loading=\"lazy\" width=\"768\" height=\"767\" src=\"http:\/\/www.comandanteradio.com\/portal\/wp-content\/uploads\/2023\/08\/unnamed.jpg\" alt=\"\" class=\"wp-image-2013\" srcset=\"https:\/\/www.elcomandanteradio.com\/portal\/wp-content\/uploads\/2023\/08\/unnamed.jpg 768w, https:\/\/www.elcomandanteradio.com\/portal\/wp-content\/uploads\/2023\/08\/unnamed-300x300.jpg 300w, https:\/\/www.elcomandanteradio.com\/portal\/wp-content\/uploads\/2023\/08\/unnamed-150x150.jpg 150w\" sizes=\"(max-width: 768px) 100vw, 768px\" \/><\/figure>\n","protected":false},"excerpt":{"rendered":"<p>Este s\u00e1bado 19 de agosto conoceremos al campe\u00f3n de la Leagues Cup.&nbsp;Nashville SC enfrentar\u00e1 a Inter Miami CF en el Geodis Park, Nashville, TN a las 09:0 p.m. ET para &#8230;<\/p>\n","protected":false},"author":1,"featured_media":2013,"comment_status":"closed","ping_status":"closed","sticky":false,"template":"","format":"standard","meta":[],"categories":[28],"tags":[],"_links":{"self":[{"href":"https:\/\/www.elcomandanteradio.com\/portal\/wp-json\/wp\/v2\/posts\/2019"}],"collection":[{"href":"https:\/\/www.elcomandanteradio.com\/portal\/wp-json\/wp\/v2\/posts"}],"about":[{"href":"https:\/\/www.elcomandanteradio.com\/portal\/wp-json\/wp\/v2\/types\/post"}],"author":[{"embeddable":true,"href":"https:\/\/www.elcomandanteradio.com\/portal\/wp-json\/wp\/v2\/users\/1"}],"replies":[{"embeddable":true,"href":"https:\/\/www.elcomandanteradio.com\/portal\/wp-json\/wp\/v2\/comments?post=2019"}],"version-history":[{"count":3,"href":"https:\/\/www.elcomandanteradio.com\/portal\/wp-json\/wp\/v2\/posts\/2019\/revisions"}],"predecessor-version":[{"id":2026,"href":"https:\/\/www.elcomandanteradio.com\/portal\/wp-json\/wp\/v2\/posts\/2019\/revisions\/2026"}],"wp:featuredmedia":[{"embeddable":true,"href":"https:\/\/www.elcomandanteradio.com\/portal\/wp-json\/wp\/v2\/media\/2013"}],"wp:attachment":[{"href":"https:\/\/www.elcomandanteradio.com\/portal\/wp-json\/wp\/v2\/media?parent=2019"}],"wp:term":[{"taxonomy":"category","embeddable":true,"href":"https:\/\/www.elcomandanteradio.com\/portal\/wp-json\/wp\/v2\/categories?post=2019"},{"taxonomy":"post_tag","embeddable":true,"href":"https:\/\/www.elcomandanteradio.com\/portal\/wp-json\/wp\/v2\/tags?post=2019"}],"curies":[{"name":"wp","href":"https:\/\/api.w.org\/{rel}","templated":true}]}}