{"id":2045,"date":"2023-09-04T21:34:15","date_gmt":"2023-09-05T03:34:15","guid":{"rendered":"http:\/\/www.comandanteradio.com\/portal\/?p=2045"},"modified":"2023-12-01T21:11:07","modified_gmt":"2023-12-02T03:11:07","slug":"el-fc-cincinnati-perdio-por-primera-vez-en-el-tql-temporada-2023","status":"publish","type":"post","link":"https:\/\/www.elcomandanteradio.com\/portal\/2023\/09\/04\/el-fc-cincinnati-perdio-por-primera-vez-en-el-tql-temporada-2023\/","title":{"rendered":"EL FC CINCINNATI PERDIO POR PRIMERA VEZ EN EL TQL, TEMPORADA 2023"},"content":{"rendered":"\n<p>PRIMERA DERROTA EN CASA.<\/p>\n\n\n\n<p>El FC Cincinnati perdi\u00f3 por primera vez en TQL Stadium en la temporada 2023.&nbsp;<\/p>\n\n\n\n<p>El equipo que dirige Pat Noonan sufri\u00f3 una dolorosa derrota de 0 &#8211; 1 ante Orlando City SC, el gol del cuadro visitante fue del uruguayo Facundo Torres.<\/p>\n\n\n\n<p>El FC Cincy sali\u00f3 con su tradicional l\u00ednea de 5, dos laterales que subieron en varias ocasiones como lo es Santiago Arias y \u00c1lvaro Barreal, pero no encontraron la forma de encontrar a los delanteros B. V\u00e1squez y Sergio Santos.<\/p>\n\n\n\n<p>Los Orange &amp; Blue dependen demasiado de Lucho Acosta y Brando V\u00e1squez, cu\u00e1ndo estos futbolistas no se encuentran el equipo sufre.&nbsp;<\/p>\n\n\n\n<p>El FCC tiene una ventaja de 10 puntos con respecto al segundo lugar que es New England aunque este \u00faltimo tiene un partido pendiente.&nbsp;<\/p>\n\n\n\n<p>Pr\u00f3ximo partido del FC Cincinnati ser\u00e1 visitar el Subaru Park para medirse a Philadelphia Uni\u00f3n, el s\u00e1bado 16 de septiembre. pensando en el Supporters&#8217; Shield El FC no debe bajar la guardia.&nbsp;<\/p>\n\n\n\n<blockquote class=\"wp-block-quote\">\n<p><\/p>\n<\/blockquote>\n\n\n\n<figure class=\"wp-block-image size-large\"><img decoding=\"async\" loading=\"lazy\" width=\"1024\" height=\"683\" src=\"http:\/\/www.comandanteradio.com\/portal\/wp-content\/uploads\/2023\/09\/CINCY-OR-1024x683.jpg\" alt=\"\" class=\"wp-image-2046\" srcset=\"https:\/\/www.elcomandanteradio.com\/portal\/wp-content\/uploads\/2023\/09\/CINCY-OR-1024x683.jpg 1024w, https:\/\/www.elcomandanteradio.com\/portal\/wp-content\/uploads\/2023\/09\/CINCY-OR-300x200.jpg 300w, https:\/\/www.elcomandanteradio.com\/portal\/wp-content\/uploads\/2023\/09\/CINCY-OR-768x512.jpg 768w, https:\/\/www.elcomandanteradio.com\/portal\/wp-content\/uploads\/2023\/09\/CINCY-OR-1536x1024.jpg 1536w, https:\/\/www.elcomandanteradio.com\/portal\/wp-content\/uploads\/2023\/09\/CINCY-OR-2048x1365.jpg 2048w\" sizes=\"(max-width: 1024px) 100vw, 1024px\" \/><\/figure>\n\n\n\n<h2 class=\"wp-block-heading\"><\/h2>\n","protected":false},"excerpt":{"rendered":"<p>PRIMERA DERROTA EN CASA. El FC Cincinnati perdi\u00f3 por primera vez en TQL Stadium en la temporada 2023.&nbsp; El equipo que dirige Pat Noonan sufri\u00f3 una dolorosa derrota de 0 &#8230;<\/p>\n","protected":false},"author":3,"featured_media":2046,"comment_status":"open","ping_status":"closed","sticky":true,"template":"","format":"standard","meta":[],"categories":[28],"tags":[],"_links":{"self":[{"href":"https:\/\/www.elcomandanteradio.com\/portal\/wp-json\/wp\/v2\/posts\/2045"}],"collection":[{"href":"https:\/\/www.elcomandanteradio.com\/portal\/wp-json\/wp\/v2\/posts"}],"about":[{"href":"https:\/\/www.elcomandanteradio.com\/portal\/wp-json\/wp\/v2\/types\/post"}],"author":[{"embeddable":true,"href":"https:\/\/www.elcomandanteradio.com\/portal\/wp-json\/wp\/v2\/users\/3"}],"replies":[{"embeddable":true,"href":"https:\/\/www.elcomandanteradio.com\/portal\/wp-json\/wp\/v2\/comments?post=2045"}],"version-history":[{"count":4,"href":"https:\/\/www.elcomandanteradio.com\/portal\/wp-json\/wp\/v2\/posts\/2045\/revisions"}],"predecessor-version":[{"id":2116,"href":"https:\/\/www.elcomandanteradio.com\/portal\/wp-json\/wp\/v2\/posts\/2045\/revisions\/2116"}],"wp:featuredmedia":[{"embeddable":true,"href":"https:\/\/www.elcomandanteradio.com\/portal\/wp-json\/wp\/v2\/media\/2046"}],"wp:attachment":[{"href":"https:\/\/www.elcomandanteradio.com\/portal\/wp-json\/wp\/v2\/media?parent=2045"}],"wp:term":[{"taxonomy":"category","embeddable":true,"href":"https:\/\/www.elcomandanteradio.com\/portal\/wp-json\/wp\/v2\/categories?post=2045"},{"taxonomy":"post_tag","embeddable":true,"href":"https:\/\/www.elcomandanteradio.com\/portal\/wp-json\/wp\/v2\/tags?post=2045"}],"curies":[{"name":"wp","href":"https:\/\/api.w.org\/{rel}","templated":true}]}}