{"id":2094,"date":"2023-09-25T23:04:06","date_gmt":"2023-09-26T05:04:06","guid":{"rendered":"http:\/\/www.comandanteradio.com\/portal\/?p=2094"},"modified":"2023-09-25T23:13:16","modified_gmt":"2023-09-26T05:13:16","slug":"el-futbolista-latino-que-cautivo-a-los-hinchas-en-la-noche-latina","status":"publish","type":"post","link":"https:\/\/www.elcomandanteradio.com\/portal\/2023\/09\/25\/el-futbolista-latino-que-cautivo-a-los-hinchas-en-la-noche-latina\/","title":{"rendered":"EL FUTBOLISTA LATINO QUE CAUTIV\u00d3 A LOS HINCHAS EN LA NOCHE LATINA"},"content":{"rendered":"\n<p><\/p>\n\n\n\n<p>CINCINNATI \u2013 La noche del s\u00e1bado 23 de septiembre 2023 siempre ser\u00e1 recordada por los aficionados del FC Cincinnati como una noche m\u00e1gica.<\/p>\n\n\n\n<p>El FC Cincinnati festej\u00f3 la Noche Latina en el TQL Stadium en un partido donde los Orange &amp; Blue ganaron, gustaron y golearon 3 &#8211; 0 sobre Charlotte FC.<\/p>\n\n\n\n<p>Con tres puntos importantes en la bolsa&nbsp; y sabiendo que el grupo est\u00e1 por encima de las individualidades. Esta vez quiero destacar el trabajo y el talento del capit\u00e1n, que dicho sea de paso ha extendido su contrato hasta el 2026. Luciano Acosta que en cada partido se deja la piel cancha, el s\u00e1bado lo bord\u00f3 con se\u00f1or partido, qued\u00f3 claro que es el mejor del equipo y que las aspiraciones del club para conseguir su primer campeonato pasan por los pies de Acosta. Lucho cautivo a los fans con genialidades, con una asistencia pero sobre todo con un gol antol\u00f3gico que est\u00e1 al alcance de muy pocos. Hoy por hoy es futbolista que debe ganar el premio al mejor del a\u00f1o.<\/p>\n\n\n\n<p>Los m\u00e1s de 25 mil aficionados que presenciaron el partido se fueron felices a casa sabiendo que tienen un jugador, un capit\u00e1n que los pueda conducir a su primera corona.<\/p>\n\n\n\n<p>EL PARTIDO<\/p>\n\n\n\n<p>El FCC tom\u00f3 la iniciativa del juego y sali\u00f3 al abordaje generando varias ocasiones de juego, fueron tres pero pudieron&nbsp; ser m\u00e1s y de todas las ocasiones la m\u00e1s notable fue una chilena de de Acosta que para mala fortuna no termin\u00f3 en gol.<\/p>\n\n\n\n<p>EL PRIMER TANTO<\/p>\n\n\n\n<p>El primer tanto lleg\u00f3 al cierre del primer tiempo con soberbio golazo de \u00c1lvaro Barreal de tiro libre que de&nbsp; zurda la mand\u00f3 a la escuadra.<\/p>\n\n\n\n<p>EL SEGUNDO TANTO.<\/p>\n\n\n\n<p>El segundo tanto del FC Cincy lleg\u00f3 al minuto 5 de la segunda mitad en un gran servicio de &nbsp; Barreal hacia Lucho Acosta que una gran carrera dej\u00f3 en el camino a Privett y la dej\u00f3 servida para Aaron Boupendza y este remat\u00f3 potente al arco para vencer al arquero Kristijan Kahlina.<\/p>\n\n\n\n<p>TERCER TANTO<\/p>\n\n\n\n<p>Y para liquidar el partido lleg\u00f3 el gol que pag\u00f3 la entrada, la maravillosa jugada al estilo Maradona, Luciano Acosta rob\u00f3 una pelota atr\u00e1s de l\u00ednea que parte la cancha en dos, dej\u00f3 a su contrincante en el camino, le sali\u00f3 el segundo y tambi\u00e9n lo dej\u00f3 en el camino, le sali\u00f3 el tercero y solo fue otra victima mas, Lucho le hace quiebre de cintura y define ante la salida del arquero para marcar el gol quedar\u00e1 en la memoria de todos los que amamos este bello deporte llamado f\u00fatbol.<\/p>\n\n\n\n<p>El FC Cincinnati sigue l\u00edder en la tabla general con 62 puntos y es el \u00fanico candidato a ganar el Supporters&#8217; Shield.<\/p>\n\n\n\n<p>PR\u00d3XIMO PARTIDO<\/p>\n\n\n\n<p>El siguiente partido del FC Cincy ser\u00e1 frente a Toronto en condici\u00f3n de visitante.&nbsp;<\/p>\n\n\n\n<p>S\u00e1bado 30-9-23&nbsp;<\/p>\n\n\n\n<p>7:30 pm ET<\/p>\n\n\n\n<p>Estadio BMO Field<\/p>\n\n\n\n<p>No te pierdas toda la actualidad del FC Cincy en nuestras redes sociales: El Comandante TV<img decoding=\"async\" loading=\"lazy\" width=\"320\" height=\"320\" class=\"wp-image-2095\" style=\"width: 150px;\" src=\"http:\/\/www.comandanteradio.com\/portal\/wp-content\/uploads\/2023\/09\/IMG-7560-1-e1695704399276.jpg\" alt=\"\" srcset=\"https:\/\/www.elcomandanteradio.com\/portal\/wp-content\/uploads\/2023\/09\/IMG-7560-1-e1695704399276.jpg 320w, https:\/\/www.elcomandanteradio.com\/portal\/wp-content\/uploads\/2023\/09\/IMG-7560-1-e1695704399276-300x300.jpg 300w, https:\/\/www.elcomandanteradio.com\/portal\/wp-content\/uploads\/2023\/09\/IMG-7560-1-e1695704399276-150x150.jpg 150w\" sizes=\"(max-width: 320px) 100vw, 320px\" \/><\/p>\n\n\n\n<p>Foto: FC Cincinnati<\/p>\n","protected":false},"excerpt":{"rendered":"<p>CINCINNATI \u2013 La noche del s\u00e1bado 23 de septiembre 2023 siempre ser\u00e1 recordada por los aficionados del FC Cincinnati como una noche m\u00e1gica. El FC Cincinnati festej\u00f3 la Noche Latina &#8230;<\/p>\n","protected":false},"author":1,"featured_media":2098,"comment_status":"open","ping_status":"closed","sticky":false,"template":"","format":"standard","meta":[],"categories":[28],"tags":[],"_links":{"self":[{"href":"https:\/\/www.elcomandanteradio.com\/portal\/wp-json\/wp\/v2\/posts\/2094"}],"collection":[{"href":"https:\/\/www.elcomandanteradio.com\/portal\/wp-json\/wp\/v2\/posts"}],"about":[{"href":"https:\/\/www.elcomandanteradio.com\/portal\/wp-json\/wp\/v2\/types\/post"}],"author":[{"embeddable":true,"href":"https:\/\/www.elcomandanteradio.com\/portal\/wp-json\/wp\/v2\/users\/1"}],"replies":[{"embeddable":true,"href":"https:\/\/www.elcomandanteradio.com\/portal\/wp-json\/wp\/v2\/comments?post=2094"}],"version-history":[{"count":5,"href":"https:\/\/www.elcomandanteradio.com\/portal\/wp-json\/wp\/v2\/posts\/2094\/revisions"}],"predecessor-version":[{"id":2101,"href":"https:\/\/www.elcomandanteradio.com\/portal\/wp-json\/wp\/v2\/posts\/2094\/revisions\/2101"}],"wp:featuredmedia":[{"embeddable":true,"href":"https:\/\/www.elcomandanteradio.com\/portal\/wp-json\/wp\/v2\/media\/2098"}],"wp:attachment":[{"href":"https:\/\/www.elcomandanteradio.com\/portal\/wp-json\/wp\/v2\/media?parent=2094"}],"wp:term":[{"taxonomy":"category","embeddable":true,"href":"https:\/\/www.elcomandanteradio.com\/portal\/wp-json\/wp\/v2\/categories?post=2094"},{"taxonomy":"post_tag","embeddable":true,"href":"https:\/\/www.elcomandanteradio.com\/portal\/wp-json\/wp\/v2\/tags?post=2094"}],"curies":[{"name":"wp","href":"https:\/\/api.w.org\/{rel}","templated":true}]}}